[{"@context":"https:\/\/schema.org\/","@type":"Article","@id":"https:\/\/www.oku-zn.cz\/nepodcenujte-pracovni-podminky-zamestnancu\/#Article","mainEntityOfPage":"https:\/\/www.oku-zn.cz\/nepodcenujte-pracovni-podminky-zamestnancu\/","headline":"Nepodce\u0148ujte pracovn\u00ed podm\u00ednky zam\u011bstnanc\u016f","name":"Nepodce\u0148ujte pracovn\u00ed podm\u00ednky zam\u011bstnanc\u016f","description":"Kdyby m\u011bl ochrann\u00fd od\u011bv, nemuselo se to st\u00e1t! Jak \u010dasto se tato v\u011bta vyslovuje, kdy\u017e u\u017e je ale pozd\u011b? Bohu\u017eel, st\u00e1le dost \u010dasto.&#13; U m\u00e9n\u011b bezpe\u010dn\u00fdch zam\u011bstn\u00e1n\u00ed v\u016fbec nep\u0159ipad\u00e1 v \u00favahu, aby zam\u011bstnanec nem\u011bl ochrann\u00fd od\u011bv, nebo obuv, a to&hellip;\n <p> <a class=\"more-link\" href=\"https:\/\/www.oku-zn.cz\/nepodcenujte-pracovni-podminky-zamestnancu\/\">\u010ct\u011bte v\u00edce<\/a><\/p>","datePublished":"2017-04-06","dateModified":"2023-05-22","author":{"@type":"Person","@id":"https:\/\/www.oku-zn.cz\/author\/#Person","name":"","url":"https:\/\/www.oku-zn.cz\/author\/","identifier":1,"image":{"@type":"ImageObject","@id":"https:\/\/secure.gravatar.com\/avatar\/614460c3109f6ef46730ae87c5e2be623f574940fabcec1214dc0d8d5af688cf?s=96&d=mm&r=g","url":"https:\/\/secure.gravatar.com\/avatar\/614460c3109f6ef46730ae87c5e2be623f574940fabcec1214dc0d8d5af688cf?s=96&d=mm&r=g","height":96,"width":96}},"publisher":{"@type":"Organization","name":"oku-zn.cz","logo":{"@type":"ImageObject","@id":"\/logo.png","url":"\/logo.png","width":600,"height":60}},"image":{"@type":"ImageObject","@id":"https:\/\/www.oku-zn.cz\/wp-content\/uploads\/img_a286541_w2068_t1496137868.jpg","url":"https:\/\/www.oku-zn.cz\/wp-content\/uploads\/img_a286541_w2068_t1496137868.jpg","height":0,"width":0},"url":"https:\/\/www.oku-zn.cz\/nepodcenujte-pracovni-podminky-zamestnancu\/","about":["Politika"],"wordCount":434,"articleBody":"Kdyby m\u011bl ochrann\u00fd od\u011bv, nemuselo se to st\u00e1t! Jak \u010dasto se tato v\u011bta vyslovuje, kdy\u017e u\u017e je ale pozd\u011b? Bohu\u017eel, st\u00e1le dost \u010dasto.&#13; U m\u00e9n\u011b bezpe\u010dn\u00fdch zam\u011bstn\u00e1n\u00ed v\u016fbec nep\u0159ipad\u00e1 v \u00favahu, aby zam\u011bstnanec nem\u011bl ochrann\u00fd od\u011bv, nebo obuv, a to v\u011bt\u0161inou typicky speci\u00e1ln\u00ed! Nap\u0159. sv\u00e1\u0159e\u010di, soustru\u017en\u00edci, elektrik\u00e1\u0159i, kov\u00e1\u0159i. Jejich od\u011bv i obuv je skute\u010dn\u011b chr\u00e1n\u00ed. A nen\u00ed to u\u017e jen pr\u00e1vo b\u00fdt chr\u00e1n\u011bn pracovn\u00edmi pom\u016fckami. Je to u\u017e povinnost ka\u017ed\u00e9ho pracovn\u00edka! &#13; Kolik \u00faraz\u016f ji\u017e bylo zbyte\u010dn\u00fdch, proto\u017ee pracovn\u00edk nem\u011bl spr\u00e1vn\u00e9 pracovn\u00ed o\u0161acen\u00ed ?&#13; Nesm\u00edme opomenout ani m\u00e9n\u011b nebezpe\u010dn\u00e9 zam\u011bstn\u00e1n\u00ed, kde pracovn\u00ed o\u0161acen\u00ed hraje tak\u00e9 svou nem\u00e9n\u011b d\u016fle\u017eitou \u00falohu. Zdravotn\u00ed sestry, l\u00e9ka\u0159i, kucha\u0159i, u\u010ditel\u00e9. I v t\u011bchto zam\u011bstn\u00e1n\u00edch m\u016f\u017ee doch\u00e1zet ke karambol\u016fm se zdrav\u00edm.&#13; Jste-li pr\u00e1v\u011b Vy na mana\u017eersk\u00e9m m\u00edst\u011b, m\u011bl byste zajistit i tuto \u010d\u00e1st pracovn\u00edch podm\u00ednek, kter\u00e9 zam\u011bstnanci vy\u017eaduj\u00ed. Nebo by alespo\u0148 m\u011bli vy\u017eadovat po sv\u00e9m chlebod\u00e1rci.&#13; Pod\u00edvejte se, pokud nem\u00e1te ve sv\u00e9 pracovn\u00edm t\u00fdmu pracovn\u00ed pozice, kter\u00e9 skute\u010dn\u011b vy\u017eaduj\u00ed specifick\u00e9 oble\u010den\u00ed, nebo dokonce uniformy, pak je V\u00e1\u0161 v\u00fdb\u011br velmi \u0161irok\u00fd.Co v\u0161echno lze po\u0159\u00eddit pro sv\u00e9 zam\u011bstnance?&#13; \u00b7 Mont\u00e9rky. Star\u0161\u00ed generace pamatuj\u00ed star\u00e9 dobr\u00e9 mont\u00e9rkov\u00e9 soupravy, kter\u00e9 se skl\u00e1daly z bundy a kalhot, a to s laclem, nebo bez. V\u011bt\u0161inou v jedn\u00e9, nebo dvou barv\u00e1ch. Dnes je tolik v\u00fdrobc\u016f, variant a barev, \u017ee nebudete v\u011bd\u011bt, kter\u00e9 d\u0159\u00edv. Rad\u011bji nechte vybrat samotn\u00e9 zam\u011bstnance.&#13; \u00b7 Pracovn\u00ed bundy. Pamatujete na \u201eva\u0165\u00e1ky\u201c? Dodnes je v\u00edd\u00e1me. Ale nab\u00eddka je daleko rozmanit\u011bj\u0161\u00ed. V proveden\u00ed, v materi\u00e1lech, ale i v barv\u00e1ch. S kapuc\u00ed, nebo bez. Zateplen\u00e9, nebo lehk\u00e9.&#13; \u00b7 Z\u00e1st\u011bry, ko\u0161ile, tri\u010dka. I bez nich se n\u011bkter\u00e9 profese prost\u011b neobejdou. A pro\u010d by si m\u011bli zam\u011bstnanci ni\u010dit svoje oble\u010den\u00ed, kdy\u017e m\u00e1 zam\u011bstnavatel povinnost postarat se? Nakonec firmy vyu\u017e\u00edvaj\u00ed mo\u017enosti tisku loga na firemn\u00ed pracovn\u00ed od\u011bvy. Pro\u010d nevyu\u017e\u00edt i tuto mo\u017enost?&#13; V\u00edte, kdy\u017e se dok\u00e1\u017eete o sv\u00e9 zam\u011bstnance pln\u011b postarat, odvd\u011b\u010d\u00ed se V\u00e1m prac\u00ed, kterou sice maj\u00ed zaplacenou, ale Vy se bez n\u00ed neobejdete.                                                                                                                                                                                                                                                                                                                                                                                        4.7\/5 - (7 votes)        "},{"@context":"https:\/\/schema.org\/","@type":"BreadcrumbList","itemListElement":[{"@type":"ListItem","position":1,"name":"Nepodce\u0148ujte pracovn\u00ed podm\u00ednky zam\u011bstnanc\u016f","item":"https:\/\/www.oku-zn.cz\/nepodcenujte-pracovni-podminky-zamestnancu\/#breadcrumbitem"}]}]