[{"@context":"https:\/\/schema.org\/","@type":"Article","@id":"https:\/\/www.oku-zn.cz\/domaci-politika-pod-hrozbou-koronaviru\/#Article","mainEntityOfPage":"https:\/\/www.oku-zn.cz\/domaci-politika-pod-hrozbou-koronaviru\/","headline":"Dom\u00e1c\u00ed politika pod hrozbou koronaviru","name":"Dom\u00e1c\u00ed politika pod hrozbou koronaviru","description":"Ve\u0161ker\u00e1 m\u00e9dia ve st\u00e1t\u011b v&nbsp;sou\u010dasnosti v\u011bnuj\u00ed maxim\u00e1ln\u00ed pozornost pandemii, kter\u00e1 ohro\u017euje lidstvo a bez nalezen\u00ed skute\u010dn\u011b \u00fa\u010dinn\u00e9ho l\u00e9ku by mohla zp\u016fsobit ztr\u00e1ty na \u017eivotech stejn\u00e9, ne-li v\u011bt\u0161\u00ed ne\u017e ob\u00e1van\u00e1 \u0161pan\u011blsk\u00e1 ch\u0159ipka, kter\u00e1 zkosila des\u00edtky milion\u016f lid\u00ed t\u011bsn\u011b po skon\u010den\u00ed prvn\u00ed&hellip;\n <p> <a class=\"more-link\" href=\"https:\/\/www.oku-zn.cz\/domaci-politika-pod-hrozbou-koronaviru\/\">\u010ct\u011bte v\u00edce<\/a><\/p>","datePublished":"2020-03-10","dateModified":"2023-05-22","author":{"@type":"Person","@id":"https:\/\/www.oku-zn.cz\/author\/#Person","name":"","url":"https:\/\/www.oku-zn.cz\/author\/","identifier":1,"image":{"@type":"ImageObject","@id":"https:\/\/secure.gravatar.com\/avatar\/614460c3109f6ef46730ae87c5e2be623f574940fabcec1214dc0d8d5af688cf?s=96&d=mm&r=g","url":"https:\/\/secure.gravatar.com\/avatar\/614460c3109f6ef46730ae87c5e2be623f574940fabcec1214dc0d8d5af688cf?s=96&d=mm&r=g","height":96,"width":96}},"publisher":{"@type":"Organization","name":"oku-zn.cz","logo":{"@type":"ImageObject","@id":"\/logo.png","url":"\/logo.png","width":600,"height":60}},"image":{"@type":"ImageObject","@id":"https:\/\/www.oku-zn.cz\/wp-content\/uploads\/img_a373497_w4232_t1585033661.jpg","url":"https:\/\/www.oku-zn.cz\/wp-content\/uploads\/img_a373497_w4232_t1585033661.jpg","height":0,"width":0},"url":"https:\/\/www.oku-zn.cz\/domaci-politika-pod-hrozbou-koronaviru\/","about":["Politika"],"wordCount":647,"articleBody":"Ve\u0161ker\u00e1 m\u00e9dia ve st\u00e1t\u011b v&nbsp;sou\u010dasnosti v\u011bnuj\u00ed maxim\u00e1ln\u00ed pozornost pandemii, kter\u00e1 ohro\u017euje lidstvo a bez nalezen\u00ed skute\u010dn\u011b \u00fa\u010dinn\u00e9ho l\u00e9ku by mohla zp\u016fsobit ztr\u00e1ty na \u017eivotech stejn\u00e9, ne-li v\u011bt\u0161\u00ed ne\u017e ob\u00e1van\u00e1 \u0161pan\u011blsk\u00e1 ch\u0159ipka, kter\u00e1 zkosila des\u00edtky milion\u016f lid\u00ed t\u011bsn\u011b po skon\u010den\u00ed prvn\u00ed sv\u011btov\u00e9 v\u00e1lky. Politick\u00fd \u017eivot jako by se zastavil, l\u00e9pe \u0159e\u010deno, z&nbsp;m\u00e9di\u00ed t\u00e9m\u011b\u0159 zmizely ka\u017edodenn\u00ed informace a koment\u00e1\u0159e o politick\u00fdch p\u016ftk\u00e1ch, skand\u00e1lech a ostatn\u00edm d\u011bn\u00ed. Pro premi\u00e9ra Andreje Babi\u0161e pln\u011b zam\u011bstnan\u00e9ho premi\u00e9rsk\u00fdmi povinnostmi v&nbsp;utk\u00e1n\u00ed s&nbsp;koronavirovou n\u00e1kazou je to na druh\u00e9 stran\u011b oddechov\u00fd \u010das v&nbsp;souboji s&nbsp;opozic\u00ed a mo\u017en\u00e1 je\u0161t\u011b v\u00edce s&nbsp;vlastn\u00edmi probl\u00e9my. Je\u0161t\u011b p\u0159ed t\u00edm, ne\u017e str\u00e1nky novin za\u010daly plnit po\u010dty naka\u017een\u00fdch, p\u0159in\u00e1\u0161ely, vyjma tisku ovl\u00e1dan\u00fdm \u010desk\u00fdm premi\u00e9rem, hojnost jeho pestr\u00fdch pr\u016f\u0161vih\u016f od r\u016fzn\u00fdch ur\u00e1\u017eek dom\u00e1c\u00edch i zahrani\u010dn\u00edch politik\u016f a\u017e po nep\u0159\u00edjemn\u00e1 fakta o prohlubuj\u00edc\u00edm se podez\u0159en\u00ed o premi\u00e9rov\u011b st\u0159etu z\u00e1jm\u016f a d\u016fvody jeho pokra\u010duj\u00edc\u00edho trestn\u00edho st\u00edh\u00e1n\u00ed. I v&nbsp;t\u011bchto chv\u00edl\u00edch by se nem\u011blo zapom\u00ednat, \u017ee sou\u010dasn\u00e1 ka\u017edodenn\u00ed snaha Andreje Babi\u0161e v&nbsp;boji s&nbsp;pandemi\u00ed nen\u00ed vyobrazen\u00edm ob\u011btav\u00e9ho politika, kter\u00fd pro z\u00e1chranu n\u00e1roda nasad\u00ed ve\u0161kerou energii a um, n\u00fdbr\u017e prvo\u0159ad\u00e1 povinnost a odpov\u011bdnost p\u0159edsedy vl\u00e1dy. Jin\u00fdmi slovy, kdyby ve Strakov\u011b akademii sed\u011bl kdokoli jin\u00fd, jeho kon\u00e1n\u00ed by se tak\u00e9 muselo pod\u0159\u00eddit dan\u00e9 situaci.Opozice vl\u00e1dn\u00ed na\u0159\u00edzen\u00ed a usnesen\u00ed pro boj s&nbsp;n\u00e1kazou v&nbsp;t\u00e9to krizov\u00e9 dob\u011b podporuje. Up\u0159\u00edmn\u011b \u0159e\u010deno, co jin\u00e9ho j\u00ed tak\u00e9 zb\u00fdv\u00e1. Kritizov\u00e1ny jsou ale d\u00edl\u010d\u00ed kroky, nap\u0159\u00edklad zm\u011bna statutu krizov\u00e9ho \u0161t\u00e1bu v&nbsp;obsazen\u00ed jeho \u0161\u00e9fa a tak\u00e9 nedostate\u010dn\u00e1 informovanost opozi\u010dn\u00edch v\u016fdc\u016f o situaci a p\u0159ipravovan\u00fdch kroc\u00edch. Vy\u0161achov\u00e1n\u00ed m\u00edstop\u0159edsedy vl\u00e1dy Jana Ham\u00e1\u010dka z&nbsp;veden\u00ed krizov\u00e9ho \u0161t\u00e1bu vyvol\u00e1v\u00e1 neodbytn\u00fd dojem, \u017ee se jedn\u00e1 o Babi\u0161ovu pomstu pot\u00e9, co koktaj\u00edc\u00edho premi\u00e9ra na jedn\u00e9 z&nbsp;mnoha tiskovek v\u011bnovan\u00fdch boji s&nbsp;koronavirem tot\u00e1ln\u011b zast\u00ednil civiln\u011b oble\u010den\u00fd a lidsky a v\u011bcn\u011b promlouvaj\u00edc\u00ed \u0161\u00e9f soci\u00e1ln\u00edch demokrat\u016f. Premi\u00e9r zkr\u00e1tka c\u00edt\u00ed \u0161anci, jak si vylep\u0161it renom\u00e9 u \u010d\u00e1sti ve\u0159ejnosti, kter\u00e1 nen\u00ed &bdquo;zkoblihov\u00e1na&ldquo; a \u017e\u00e1dn\u00fd Ham\u00e1\u010dek mu to nebude kazit. Toto tvrzen\u00ed podporuje i Babi\u0161ovo ve\u0159ejn\u00e9 pok\u00e1r\u00e1n\u00ed sv\u00e9ho ministra zdravotnictv\u00ed Vojt\u011bcha stran n\u011bkter\u00fdch z\u00edskan\u00fdch informac\u00ed. Adam Vojt\u011bch se logicky tak\u00e9 dostal do zv\u00fd\u0161en\u00e9 pozornosti m\u00e9di\u00ed a potenci\u00e1ln\u011b mohl vy\u0161roubovat svoji popularitu a zast\u00ednit tak sv\u00e9ho stranick\u00e9ho \u0161\u00e9fa. Uk\u00e1zalo se v\u0161ak, \u017ee Babi\u0161 se ob\u00e1val zbyte\u010dn\u011b, neslan\u00fd a nemastn\u00fd ministr zdravotnictv\u00ed p\u016fsob\u00ed velmi nejist\u011b a je zat\u00edm nej\u010dast\u011bj\u0161\u00edm ter\u010dem zejm\u00e9na odborn\u00e9 ve\u0159ejnosti. Dodejme, \u017ee po pr\u00e1vu, jeho rozhodnut\u00ed v&nbsp;oblasti z\u00e1sobov\u00e1n\u00ed nemocnic byly eufemisticky \u0159e\u010deno p\u0159inejmen\u0161\u00edm ne\u0161\u0165astn\u00e9.P\u0159ejme si, abychom se s&nbsp;koronavirem vypo\u0159\u00e1dali co nejd\u0159\u00edve a navr\u00e1tili se k&nbsp;norm\u00e1ln\u00edmu \u017eivotu. A tak\u00e9 si p\u0159ejme, abychom neztratili pam\u011b\u0165, sou\u010dasn\u00e1 situace je v\u00fdjime\u010dn\u00e1, ale po\u0159\u00e1d plat\u00ed, co je \u010dern\u00e9 a co b\u00edl\u00e9.                                                                                                                                                                                                                                                                                                                                                                                        3.4\/5 - (7 votes)        "},{"@context":"https:\/\/schema.org\/","@type":"BreadcrumbList","itemListElement":[{"@type":"ListItem","position":1,"name":"Dom\u00e1c\u00ed politika pod hrozbou koronaviru","item":"https:\/\/www.oku-zn.cz\/domaci-politika-pod-hrozbou-koronaviru\/#breadcrumbitem"}]}]